    {"id":4537,"date":"2024-03-26T15:41:53","date_gmt":"2024-03-26T14:41:53","guid":{"rendered":"https:\/\/dev.dignitas.bertastrasse1.ch\/?post_type=news&#038;p=4537"},"modified":"2025-09-18T15:45:45","modified_gmt":"2025-09-18T13:45:45","slug":"newsletter-de-dignitas-articles-sur-la-situation-en-france","status":"publish","type":"news","link":"https:\/\/dignitas.ch\/fr\/news\/newsletter-de-dignitas-articles-sur-la-situation-en-france\/","title":{"rendered":"Newsletter de DIGNITAS : Articles sur la situation en France"},"content":{"rendered":"\n<p><\/p>\n\n\n\n<p><a href=\"https:\/\/dignitas.ch\/fr\/news\/france-le-projet-de-loi-sur-la-fin-de-vie-un-echec-calcule\/\" target=\"_blank\" rel=\"noreferrer noopener\">Le projet de loi sur la fin de vie : un \u00e9chec calcul\u00e9 ?<\/a><br><a href=\"https:\/\/dignitas.ch\/fr\/news\/france-dignitas-continue-de-miser-sur-la-cedh\/\" target=\"_blank\" rel=\"noreferrer noopener\">DIGNITAS continue de miser sur la CEDH<\/a><br><a href=\"https:\/\/dignitas.ch\/fr\/news\/france-modalites-dune-nouvelle-loi-7-points-essentiels-a-considerer\/\" target=\"_blank\" rel=\"noreferrer noopener\">Modalit\u00e9s d\u2019une nouvelle loi : 7 points essentiels \u00e0 consid\u00e9rer<\/a><br><a href=\"https:\/\/dignitas.ch\/fr\/news\/france-modalites-dune-nouvelle-loi-le-probleme-du-pronostic-vital\/\" target=\"_blank\" rel=\"noreferrer noopener\">Modalit\u00e9s d\u2019une nouvelle loi : Le probl\u00e8me du pronostic vital<\/a><\/p>\n\n\n\n<p><\/p>\n","protected":false},"excerpt":{"rendered":"<p>Le projet de loi sur la fin de vie : un \u00e9chec calcul\u00e9 ?DIGNITAS continue de miser sur la CEDHModalit\u00e9s d\u2019une nouvelle loi : 7 points essentiels \u00e0 consid\u00e9rerModalit\u00e9s d\u2019une nouvelle loi : Le probl\u00e8me du pronostic vital<\/p>\n","protected":false},"featured_media":0,"template":"","tags":[604,670],"class_list":["post-4537","news","type-news","status-publish","hentry","tag-france-2","tag-newsletter"],"acf":[],"_links":{"self":[{"href":"https:\/\/dignitas.ch\/fr\/wp-json\/wp\/v2\/news\/4537","targetHints":{"allow":["GET"]}}],"collection":[{"href":"https:\/\/dignitas.ch\/fr\/wp-json\/wp\/v2\/news"}],"about":[{"href":"https:\/\/dignitas.ch\/fr\/wp-json\/wp\/v2\/types\/news"}],"wp:attachment":[{"href":"https:\/\/dignitas.ch\/fr\/wp-json\/wp\/v2\/media?parent=4537"}],"wp:term":[{"taxonomy":"post_tag","embeddable":true,"href":"https:\/\/dignitas.ch\/fr\/wp-json\/wp\/v2\/tags?post=4537"}],"curies":[{"name":"wp","href":"https:\/\/api.w.org\/{rel}","templated":true}]}}