    {"id":3858,"date":"2014-09-13T00:00:00","date_gmt":"2014-09-12T22:00:00","guid":{"rendered":"https:\/\/dev.dignitas.bertastrasse1.ch\/news\/le-droit-dune-personne\/"},"modified":"2025-12-03T09:08:37","modified_gmt":"2025-12-03T08:08:37","slug":"discours-de-dignitas-a-la-34eme-assemblee-generale-de-ladmd-france","status":"publish","type":"news","link":"https:\/\/dignitas.ch\/fr\/news\/discours-de-dignitas-a-la-34eme-assemblee-generale-de-ladmd-france\/","title":{"rendered":"Discours de DIGNITAS \u00e0 la 34\u00e8me assembl\u00e9e g\u00e9n\u00e9rale de l\u2019ADMD France"},"content":{"rendered":"<div>\n<div>\n<p style=\"text-align: left;\"><a href=\"https:\/\/dignitas.ch\/wp-content\/uploads\/images\/stories\/pdf\/diginpublic\/referat-34assembleadmd-13092014.pdf\" target=\"_blank\" rel=\"noopener\">\u00ab Le droit d\u2019une personne de d\u00e9terminer la mani\u00e8re et le moment de mettre un terme \u00e0 sa vie a un effet pr\u00e9ventif aux tentatives de suicide \u00bb<\/a><\/p>\n<p style=\"text-align: left;\">Discours de Sandra Martino \u00e0 la 34\u00e8me assembl\u00e9e g\u00e9n\u00e9rale de l\u2019ADMD France<\/p>\n<\/div>\n<\/div>\n","protected":false},"excerpt":{"rendered":"<p>\u00ab Le droit d\u2019une personne de d\u00e9terminer la mani\u00e8re et le moment de mettre un terme \u00e0 sa vie a un effet pr\u00e9ventif aux tentatives de suicide \u00bb Discours de Sandra Martino \u00e0 la 34\u00e8me assembl\u00e9e g\u00e9n\u00e9rale de l\u2019ADMD France<\/p>\n","protected":false},"featured_media":0,"template":"","tags":[46,604],"class_list":["post-3858","news","type-news","status-publish","hentry","tag-dignitas-fr","tag-france-2"],"acf":[],"_links":{"self":[{"href":"https:\/\/dignitas.ch\/fr\/wp-json\/wp\/v2\/news\/3858","targetHints":{"allow":["GET"]}}],"collection":[{"href":"https:\/\/dignitas.ch\/fr\/wp-json\/wp\/v2\/news"}],"about":[{"href":"https:\/\/dignitas.ch\/fr\/wp-json\/wp\/v2\/types\/news"}],"wp:attachment":[{"href":"https:\/\/dignitas.ch\/fr\/wp-json\/wp\/v2\/media?parent=3858"}],"wp:term":[{"taxonomy":"post_tag","embeddable":true,"href":"https:\/\/dignitas.ch\/fr\/wp-json\/wp\/v2\/tags?post=3858"}],"curies":[{"name":"wp","href":"https:\/\/api.w.org\/{rel}","templated":true}]}}