    {"id":3839,"date":"2022-12-11T00:00:00","date_gmt":"2022-12-10T23:00:00","guid":{"rendered":"https:\/\/dev.dignitas.bertastrasse1.ch\/news\/table-ronde-de-dignitas-regards-internationaux\/"},"modified":"2025-09-24T17:06:53","modified_gmt":"2025-09-24T15:06:53","slug":"table-ronde-de-dignitas-regards-internationaux","status":"publish","type":"news","link":"https:\/\/dignitas.ch\/fr\/news\/table-ronde-de-dignitas-regards-internationaux\/","title":{"rendered":"Table-ronde de\u00a0DIGNITAS : Regards internationaux"},"content":{"rendered":"<div>\n<div>\n<p style=\"text-align: left;\">Le dimanche, 11 d\u00e9cembre 2022, \u00e0 l\u2019occasion des premi\u00e8res sessions de travail de la <a href=\"https:\/\/conventioncitoyennesurlafindevie.lecese.fr\/\" target=\"_blank\" rel=\"noopener\">Convention citoyenne sur la fin de vie<\/a>,\u00a0<span style=\"text-align: justify;\">D<\/span><span style=\"font-size: 85%;\">IGNITAS<\/span> a eu le plaisir de parler du mod\u00e8le et de la pratique du suicide assist\u00e9 en Suisse, qui a fait ses preuves depuis 40 ans.<br \/>\n<a href=\"https:\/\/dignitas.ch\/wp-content\/uploads\/images\/stories\/pdf\/20221211-convention citoyenne-dignitas.pdf\" target=\"_blank\" rel=\"noopener\">Pr\u00e9sentation (PDF)<\/a><br \/>\n<a href=\"https:\/\/youtu.be\/gc5n-_c_NEc?t=2815\" target=\"_blank\" rel=\"noopener\">Vid\u00e9o de la table-ronde<\/a><\/p>\n<\/div>\n<\/div>\n","protected":false},"excerpt":{"rendered":"<p>Le dimanche, 11 d\u00e9cembre 2022, \u00e0 l\u2019occasion des premi\u00e8res sessions de travail de la Convention citoyenne sur la fin de vie,\u00a0DIGNITAS a eu le plaisir de parler du mod\u00e8le et de la pratique du suicide assist\u00e9 en Suisse, qui a fait ses preuves depuis 40 ans. Pr\u00e9sentation (PDF) Vid\u00e9o de la table-ronde<\/p>\n","protected":false},"featured_media":0,"template":"","tags":[46,604],"class_list":["post-3839","news","type-news","status-publish","hentry","tag-dignitas-fr","tag-france-2"],"acf":[],"_links":{"self":[{"href":"https:\/\/dignitas.ch\/fr\/wp-json\/wp\/v2\/news\/3839","targetHints":{"allow":["GET"]}}],"collection":[{"href":"https:\/\/dignitas.ch\/fr\/wp-json\/wp\/v2\/news"}],"about":[{"href":"https:\/\/dignitas.ch\/fr\/wp-json\/wp\/v2\/types\/news"}],"wp:attachment":[{"href":"https:\/\/dignitas.ch\/fr\/wp-json\/wp\/v2\/media?parent=3839"}],"wp:term":[{"taxonomy":"post_tag","embeddable":true,"href":"https:\/\/dignitas.ch\/fr\/wp-json\/wp\/v2\/tags?post=3839"}],"curies":[{"name":"wp","href":"https:\/\/api.w.org\/{rel}","templated":true}]}}